{"id":1856,"date":"2018-04-22T20:57:40","date_gmt":"2018-04-22T18:57:40","guid":{"rendered":"http:\/\/kremstalvolley.com\/?p=1856"},"modified":"2018-04-22T20:58:52","modified_gmt":"2018-04-22T18:58:52","slug":"ehrungen-fuer-besondere-verdienste-im-tus","status":"publish","type":"post","link":"https:\/\/www.kremstalvolley.com\/?p=1856","title":{"rendered":"Ehrungen f\u00fcr besondere Verdienste im TuS"},"content":{"rendered":"<p>F\u00fcr Ihre besonderen Verdienste wurden anl\u00e4sslich der Jahreshauptversammlung des TuS Kremsm\u00fcnster auch einige Volleyballer geehrt.<br \/>\nDie Medaille in <strong>Bronze<\/strong> erhielten:<\/p>\n<ul>\n<li>Andreas Lexen<\/li>\n<li>Christian Hackl<\/li>\n<li>Ronald K\u00f6ttsdorfer<\/li>\n<\/ul>\n<p><strong>Silber<\/strong> ging an:<\/p>\n<ul>\n<li>Stefan Amatschek<\/li>\n<li>Michael Austerhuber<\/li>\n<\/ul>\n<p><strong>Gold<\/strong> gab es f\u00fcr:<\/p>\n<ul>\n<li>Rainer Zwicklhuber<\/li>\n<\/ul>\n<figure id=\"attachment_1857\" aria-describedby=\"caption-attachment-1857\" style=\"width: 525px\" class=\"wp-caption aligncenter\"><img loading=\"lazy\" decoding=\"async\" class=\"size-large wp-image-1857\" src=\"http:\/\/kremstalvolley.com\/wp-content\/uploads\/2013\/2018\/04\/TuS-JHV-2018-04-20-118-1024x656.jpg\" alt=\"\" width=\"525\" height=\"336\" srcset=\"https:\/\/www.kremstalvolley.com\/wp-content\/uploads\/2013\/2018\/04\/TuS-JHV-2018-04-20-118-1024x656.jpg 1024w, https:\/\/www.kremstalvolley.com\/wp-content\/uploads\/2013\/2018\/04\/TuS-JHV-2018-04-20-118-300x192.jpg 300w, https:\/\/www.kremstalvolley.com\/wp-content\/uploads\/2013\/2018\/04\/TuS-JHV-2018-04-20-118-768x492.jpg 768w\" sizes=\"auto, (max-width: 525px) 100vw, 525px\" \/><figcaption id=\"caption-attachment-1857\" class=\"wp-caption-text\">Ehrungen in Gold<\/figcaption><\/figure>\n","protected":false},"excerpt":{"rendered":"<p>F\u00fcr Ihre besonderen Verdienste wurden anl\u00e4sslich der Jahreshauptversammlung des TuS Kremsm\u00fcnster auch einige Volleyballer geehrt. Die Medaille in Bronze erhielten: Andreas Lexen Christian Hackl Ronald K\u00f6ttsdorfer Silber ging an: Stefan Amatschek Michael Austerhuber Gold gab es f\u00fcr: Rainer Zwicklhuber<\/p>\n","protected":false},"author":3,"featured_media":0,"comment_status":"closed","ping_status":"closed","sticky":false,"template":"","format":"standard","meta":{"ngg_post_thumbnail":0,"footnotes":""},"categories":[1],"tags":[],"class_list":["post-1856","post","type-post","status-publish","format-standard","hentry","category-allgemein"],"_links":{"self":[{"href":"https:\/\/www.kremstalvolley.com\/index.php?rest_route=\/wp\/v2\/posts\/1856","targetHints":{"allow":["GET"]}}],"collection":[{"href":"https:\/\/www.kremstalvolley.com\/index.php?rest_route=\/wp\/v2\/posts"}],"about":[{"href":"https:\/\/www.kremstalvolley.com\/index.php?rest_route=\/wp\/v2\/types\/post"}],"author":[{"embeddable":true,"href":"https:\/\/www.kremstalvolley.com\/index.php?rest_route=\/wp\/v2\/users\/3"}],"replies":[{"embeddable":true,"href":"https:\/\/www.kremstalvolley.com\/index.php?rest_route=%2Fwp%2Fv2%2Fcomments&post=1856"}],"version-history":[{"count":2,"href":"https:\/\/www.kremstalvolley.com\/index.php?rest_route=\/wp\/v2\/posts\/1856\/revisions"}],"predecessor-version":[{"id":1859,"href":"https:\/\/www.kremstalvolley.com\/index.php?rest_route=\/wp\/v2\/posts\/1856\/revisions\/1859"}],"wp:attachment":[{"href":"https:\/\/www.kremstalvolley.com\/index.php?rest_route=%2Fwp%2Fv2%2Fmedia&parent=1856"}],"wp:term":[{"taxonomy":"category","embeddable":true,"href":"https:\/\/www.kremstalvolley.com\/index.php?rest_route=%2Fwp%2Fv2%2Fcategories&post=1856"},{"taxonomy":"post_tag","embeddable":true,"href":"https:\/\/www.kremstalvolley.com\/index.php?rest_route=%2Fwp%2Fv2%2Ftags&post=1856"}],"curies":[{"name":"wp","href":"https:\/\/api.w.org\/{rel}","templated":true}]}}