{"id":1870,"date":"2018-04-29T22:48:04","date_gmt":"2018-04-29T20:48:04","guid":{"rendered":"http:\/\/kremstalvolley.com\/?p=1870"},"modified":"2018-04-29T22:48:04","modified_gmt":"2018-04-29T20:48:04","slug":"u15m-erringt-4-platz","status":"publish","type":"post","link":"https:\/\/www.kremstalvolley.com\/?p=1870","title":{"rendered":"U15m erringt 4. Platz"},"content":{"rendered":"<p>Die U15 Burschen erk\u00e4mpfen sich bei sommerlichen Temperaturen den 4. Platz im Finale.<\/p>\n<p>Nach einer souver\u00e4nen Leistung in der Vorrunde gegen Ried\/Innkreis konnte im Semifinale Steyr stark gefordert werden. Mit den Satzergebnissen 23\/25 und 21\/25 wurde das bisher beste Resultat gegen die Steyrer eingefahren.<\/p>\n<p>Danach war aber die &#8211; hei\u00dfe &#8211; Luft drau\u00dfen. Im Spiel um Platz 3 gegen Steg 2 starteten die Kremstaler mit vielen Eigenfehlern. Erst im zweiten Satz wurde ann\u00e4hernd die normale St\u00e4rke wieder erreicht. Aber den anstrengenden vorherigen Spielen musste dann Tribut gezollt werden. Steg 2 konnte sich knapp 2:0 durchsetzen.<\/p>\n<p>\u00dcber den 4. Platz in der U15 Meisterschaft freuen wir uns trotzdem sehr und gehen damit in die Sommerpause &#8211; oder doch auf den Sandplatz?&nbsp; :Overjoy:&nbsp;<\/p>\n<p><img loading=\"lazy\" decoding=\"async\" class=\"aligncenter size-large wp-image-1871\" src=\"http:\/\/kremstalvolley.com\/wp-content\/uploads\/2013\/2018\/04\/20180429_121256-1024x577.jpg\" alt=\"\" width=\"525\" height=\"296\" srcset=\"https:\/\/www.kremstalvolley.com\/wp-content\/uploads\/2013\/2018\/04\/20180429_121256-1024x577.jpg 1024w, https:\/\/www.kremstalvolley.com\/wp-content\/uploads\/2013\/2018\/04\/20180429_121256-300x169.jpg 300w, https:\/\/www.kremstalvolley.com\/wp-content\/uploads\/2013\/2018\/04\/20180429_121256-768x433.jpg 768w\" sizes=\"auto, (max-width: 525px) 100vw, 525px\" \/><\/p>\n","protected":false},"excerpt":{"rendered":"<p>Die U15 Burschen erk\u00e4mpfen sich bei sommerlichen Temperaturen den 4. Platz im Finale. Nach einer souver\u00e4nen Leistung in der Vorrunde gegen Ried\/Innkreis konnte im Semifinale Steyr stark gefordert werden. Mit den Satzergebnissen 23\/25 und 21\/25 wurde das bisher beste Resultat gegen die Steyrer eingefahren. Danach war aber die &#8211; hei\u00dfe &#8211; Luft drau\u00dfen. Im Spiel &hellip; <\/p>\n<p class=\"link-more\"><a href=\"https:\/\/www.kremstalvolley.com\/?p=1870\" class=\"more-link\"><span class=\"screen-reader-text\">\u201eU15m erringt 4. Platz\u201c <\/span>weiterlesen<\/a><\/p>\n","protected":false},"author":3,"featured_media":0,"comment_status":"closed","ping_status":"closed","sticky":false,"template":"","format":"standard","meta":{"ngg_post_thumbnail":0,"footnotes":""},"categories":[1],"tags":[],"class_list":["post-1870","post","type-post","status-publish","format-standard","hentry","category-allgemein"],"_links":{"self":[{"href":"https:\/\/www.kremstalvolley.com\/index.php?rest_route=\/wp\/v2\/posts\/1870","targetHints":{"allow":["GET"]}}],"collection":[{"href":"https:\/\/www.kremstalvolley.com\/index.php?rest_route=\/wp\/v2\/posts"}],"about":[{"href":"https:\/\/www.kremstalvolley.com\/index.php?rest_route=\/wp\/v2\/types\/post"}],"author":[{"embeddable":true,"href":"https:\/\/www.kremstalvolley.com\/index.php?rest_route=\/wp\/v2\/users\/3"}],"replies":[{"embeddable":true,"href":"https:\/\/www.kremstalvolley.com\/index.php?rest_route=%2Fwp%2Fv2%2Fcomments&post=1870"}],"version-history":[{"count":1,"href":"https:\/\/www.kremstalvolley.com\/index.php?rest_route=\/wp\/v2\/posts\/1870\/revisions"}],"predecessor-version":[{"id":1872,"href":"https:\/\/www.kremstalvolley.com\/index.php?rest_route=\/wp\/v2\/posts\/1870\/revisions\/1872"}],"wp:attachment":[{"href":"https:\/\/www.kremstalvolley.com\/index.php?rest_route=%2Fwp%2Fv2%2Fmedia&parent=1870"}],"wp:term":[{"taxonomy":"category","embeddable":true,"href":"https:\/\/www.kremstalvolley.com\/index.php?rest_route=%2Fwp%2Fv2%2Fcategories&post=1870"},{"taxonomy":"post_tag","embeddable":true,"href":"https:\/\/www.kremstalvolley.com\/index.php?rest_route=%2Fwp%2Fv2%2Ftags&post=1870"}],"curies":[{"name":"wp","href":"https:\/\/api.w.org\/{rel}","templated":true}]}}