{"id":689,"date":"2013-02-05T09:25:08","date_gmt":"2013-02-05T07:25:08","guid":{"rendered":"http:\/\/kremstalvolley.com\/?p=689"},"modified":"2013-02-05T09:25:08","modified_gmt":"2013-02-05T07:25:08","slug":"die-kremstalvolleys-fuhlen-sich-geehrt","status":"publish","type":"post","link":"https:\/\/www.kremstalvolley.com\/?p=689","title":{"rendered":"Die Kremstalvolleys f\u00fchlen sich geehrt&#8230;"},"content":{"rendered":"<p>Am Freitag, den 25.01.2012 wurde die Herrenmannschaft der Kremstalvolleys kollektiv f\u00fcr die Erlangung des Landesmeistertitels 2010\/2011 mit dem Sportehrenabzeichen der Marktgemeinde Kremsm\u00fcnster geehrt. Daneben wurden auch noch Claudia Zwicklhuber, Verena Zwicklhuber und Thomas H\u00e4ubl f\u00fcr ihre engagierte Nachwuchsarbeit geehrt.<\/p>\n<figure id=\"attachment_692\" aria-describedby=\"caption-attachment-692\" style=\"width: 584px\" class=\"wp-caption alignnone\"><a href=\"http:\/\/kremstalvolley.com\/?attachment_id=692\" rel=\"attachment wp-att-692\"><img loading=\"lazy\" decoding=\"async\" class=\"size-large wp-image-692\" title=\"Sportlerehrung_2013\" src=\"http:\/\/kremstalvolley.com\/wp-content\/uploads\/2013\/2013\/02\/Sportlerehrung-4-1024x680.jpg\" alt=\"\" width=\"584\" height=\"387\" srcset=\"https:\/\/www.kremstalvolley.com\/wp-content\/uploads\/2013\/2013\/02\/Sportlerehrung-4-1024x680.jpg 1024w, https:\/\/www.kremstalvolley.com\/wp-content\/uploads\/2013\/2013\/02\/Sportlerehrung-4-300x199.jpg 300w, https:\/\/www.kremstalvolley.com\/wp-content\/uploads\/2013\/2013\/02\/Sportlerehrung-4-451x300.jpg 451w\" sizes=\"auto, (max-width: 584px) 100vw, 584px\" \/><\/a><figcaption id=\"caption-attachment-692\" class=\"wp-caption-text\">Die Teilnehmer der Sportlerehrung 2013<\/figcaption><\/figure>\n","protected":false},"excerpt":{"rendered":"<p>Am Freitag, den 25.01.2012 wurde die Herrenmannschaft der Kremstalvolleys kollektiv f\u00fcr die Erlangung des Landesmeistertitels 2010\/2011 mit dem Sportehrenabzeichen der Marktgemeinde Kremsm\u00fcnster geehrt. Daneben wurden auch noch Claudia Zwicklhuber, Verena Zwicklhuber und Thomas H\u00e4ubl f\u00fcr ihre engagierte Nachwuchsarbeit geehrt.<\/p>\n","protected":false},"author":1,"featured_media":0,"comment_status":"closed","ping_status":"closed","sticky":false,"template":"","format":"standard","meta":{"ngg_post_thumbnail":0,"footnotes":""},"categories":[1],"tags":[],"class_list":["post-689","post","type-post","status-publish","format-standard","hentry","category-allgemein"],"_links":{"self":[{"href":"https:\/\/www.kremstalvolley.com\/index.php?rest_route=\/wp\/v2\/posts\/689","targetHints":{"allow":["GET"]}}],"collection":[{"href":"https:\/\/www.kremstalvolley.com\/index.php?rest_route=\/wp\/v2\/posts"}],"about":[{"href":"https:\/\/www.kremstalvolley.com\/index.php?rest_route=\/wp\/v2\/types\/post"}],"author":[{"embeddable":true,"href":"https:\/\/www.kremstalvolley.com\/index.php?rest_route=\/wp\/v2\/users\/1"}],"replies":[{"embeddable":true,"href":"https:\/\/www.kremstalvolley.com\/index.php?rest_route=%2Fwp%2Fv2%2Fcomments&post=689"}],"version-history":[{"count":4,"href":"https:\/\/www.kremstalvolley.com\/index.php?rest_route=\/wp\/v2\/posts\/689\/revisions"}],"predecessor-version":[{"id":694,"href":"https:\/\/www.kremstalvolley.com\/index.php?rest_route=\/wp\/v2\/posts\/689\/revisions\/694"}],"wp:attachment":[{"href":"https:\/\/www.kremstalvolley.com\/index.php?rest_route=%2Fwp%2Fv2%2Fmedia&parent=689"}],"wp:term":[{"taxonomy":"category","embeddable":true,"href":"https:\/\/www.kremstalvolley.com\/index.php?rest_route=%2Fwp%2Fv2%2Fcategories&post=689"},{"taxonomy":"post_tag","embeddable":true,"href":"https:\/\/www.kremstalvolley.com\/index.php?rest_route=%2Fwp%2Fv2%2Ftags&post=689"}],"curies":[{"name":"wp","href":"https:\/\/api.w.org\/{rel}","templated":true}]}}