{"id":695,"date":"2013-02-05T09:31:02","date_gmt":"2013-02-05T07:31:02","guid":{"rendered":"http:\/\/kremstalvolley.com\/?p=695"},"modified":"2013-02-05T09:31:02","modified_gmt":"2013-02-05T07:31:02","slug":"wir-trauern","status":"publish","type":"post","link":"https:\/\/www.kremstalvolley.com\/?p=695","title":{"rendered":"Wir trauern&#8230;"},"content":{"rendered":"<p style=\"text-align: justify;\">um unseren fr\u00fcheren Spieler, Trainer, Vereinskollegen, Pr\u00e4sident des O\u00d6 Volleyballverbands und Mentor Harald R\u00f6\u00dfler, der letzten Donnerstag, den 31.1.2013 verstorben ist. Unser Mitgef\u00fchl gilt der hinterbliebenen Familie. Es ist schwer zu begreifen, dass das Leben eines derart robusten und aktiven Menschen ein doch sehr rasches Ende nahm. Wir bedanken uns f\u00fcr die vielen sch\u00f6nen Momente, die wir mit Harald teilen durften und auch f\u00fcr seine engagierte Arbeit f\u00fcr den Sport.<\/p>\n<p><em>Als Mensch bist du gegangen, ein Freund wirst du uns immer bleiben!<\/em><\/p>\n<p><em><\/em><a href=\"http:\/\/kremstalvolley.com\/?attachment_id=696\" rel=\"attachment wp-att-696\"><img loading=\"lazy\" decoding=\"async\" class=\"alignnone size-large wp-image-696\" title=\"Parte_R_Harald\" src=\"http:\/\/kremstalvolley.com\/wp-content\/uploads\/2013\/2013\/02\/Parte_R_Harald-692x1024.jpg\" alt=\"\" width=\"584\" height=\"864\" srcset=\"https:\/\/www.kremstalvolley.com\/wp-content\/uploads\/2013\/2013\/02\/Parte_R_Harald-692x1024.jpg 692w, https:\/\/www.kremstalvolley.com\/wp-content\/uploads\/2013\/2013\/02\/Parte_R_Harald-202x300.jpg 202w, https:\/\/www.kremstalvolley.com\/wp-content\/uploads\/2013\/2013\/02\/Parte_R_Harald.jpg 1018w\" sizes=\"auto, (max-width: 584px) 100vw, 584px\" \/><\/a><\/p>\n","protected":false},"excerpt":{"rendered":"<p>um unseren fr\u00fcheren Spieler, Trainer, Vereinskollegen, Pr\u00e4sident des O\u00d6 Volleyballverbands und Mentor Harald R\u00f6\u00dfler, der letzten Donnerstag, den 31.1.2013 verstorben ist. Unser Mitgef\u00fchl gilt der hinterbliebenen Familie. Es ist schwer zu begreifen, dass das Leben eines derart robusten und aktiven Menschen ein doch sehr rasches Ende nahm. Wir bedanken uns f\u00fcr die vielen sch\u00f6nen Momente, &hellip; <\/p>\n<p class=\"link-more\"><a href=\"https:\/\/www.kremstalvolley.com\/?p=695\" class=\"more-link\"><span class=\"screen-reader-text\">\u201eWir trauern&#8230;\u201c <\/span>weiterlesen<\/a><\/p>\n","protected":false},"author":1,"featured_media":0,"comment_status":"closed","ping_status":"closed","sticky":false,"template":"","format":"standard","meta":{"ngg_post_thumbnail":0,"footnotes":""},"categories":[1],"tags":[],"class_list":["post-695","post","type-post","status-publish","format-standard","hentry","category-allgemein"],"_links":{"self":[{"href":"https:\/\/www.kremstalvolley.com\/index.php?rest_route=\/wp\/v2\/posts\/695","targetHints":{"allow":["GET"]}}],"collection":[{"href":"https:\/\/www.kremstalvolley.com\/index.php?rest_route=\/wp\/v2\/posts"}],"about":[{"href":"https:\/\/www.kremstalvolley.com\/index.php?rest_route=\/wp\/v2\/types\/post"}],"author":[{"embeddable":true,"href":"https:\/\/www.kremstalvolley.com\/index.php?rest_route=\/wp\/v2\/users\/1"}],"replies":[{"embeddable":true,"href":"https:\/\/www.kremstalvolley.com\/index.php?rest_route=%2Fwp%2Fv2%2Fcomments&post=695"}],"version-history":[{"count":2,"href":"https:\/\/www.kremstalvolley.com\/index.php?rest_route=\/wp\/v2\/posts\/695\/revisions"}],"predecessor-version":[{"id":698,"href":"https:\/\/www.kremstalvolley.com\/index.php?rest_route=\/wp\/v2\/posts\/695\/revisions\/698"}],"wp:attachment":[{"href":"https:\/\/www.kremstalvolley.com\/index.php?rest_route=%2Fwp%2Fv2%2Fmedia&parent=695"}],"wp:term":[{"taxonomy":"category","embeddable":true,"href":"https:\/\/www.kremstalvolley.com\/index.php?rest_route=%2Fwp%2Fv2%2Fcategories&post=695"},{"taxonomy":"post_tag","embeddable":true,"href":"https:\/\/www.kremstalvolley.com\/index.php?rest_route=%2Fwp%2Fv2%2Ftags&post=695"}],"curies":[{"name":"wp","href":"https:\/\/api.w.org\/{rel}","templated":true}]}}